{"id":1200,"date":"2022-04-20T15:32:00","date_gmt":"2022-04-20T15:32:00","guid":{"rendered":"http:\/\/c3t-utn.ar\/?p=1200"},"modified":"2022-04-20T18:31:09","modified_gmt":"2022-04-20T18:31:09","slug":"diplomatura-2022-en-transporte-movilidad-seguridad-vial-y-logistica-en-la-utn","status":"publish","type":"post","link":"https:\/\/c3t-utn.ar\/?p=1200","title":{"rendered":"Diplomatura 2022 en \u201cTransporte, Movilidad, Seguridad Vial y Log\u00edstica\u201d en la UTN"},"content":{"rendered":"\n<h1 class=\"has-medium-font-size\"><strong>Inscripci\u00f3n Abierta \u2013 Formaci\u00f3n arancelada<\/strong><\/h1>\n\n\n\n<h1 class=\"has-medium-font-size\"><strong>(<em>Inscripci\u00f3n on-line)<\/em><\/strong><\/h1>\n\n\n\n<p>El C3T (Centro Tecnol\u00f3gico de Transporte, Tr\u00e1nsito y Seguridad Vial) de la Universidad Tecnol\u00f3gica Nacional presenta la Diplomatura 2022 en <strong><em>Transporte, Movilidad, Seguridad Vial y Log\u00edstica<\/em><\/strong>, con fecha de inicio el 23 de Abril.<\/p>\n\n\n\n<p><strong><em>Objetivos:<\/em><\/strong><strong><\/strong><\/p>\n\n\n\n<p>Formar profesionales con aptitudes para realizar actividades de capacitaci\u00f3n, gesti\u00f3n, planificaci\u00f3n y operaci\u00f3n en las \u00e1reas de transporte, log\u00edstica y seguridad vial, mediante la aplicaci\u00f3n de conocimientos sobre tr\u00e1nsito , seguridad vial, sistemas inteligentes de transporte, infraestructura de transporte, veh\u00edculos y mantenimiento, aspectos socioculturales y medioambientales del transporte.<\/p>\n\n\n\n<p>La diplomatura brinda competencias para desarrollar actividades&nbsp; tanto en el \u00e1mbito p\u00fablico como privado mediante el perfeccionamiento y la adquisici\u00f3n de conocimientos t\u00e9cnicos sobre la tem\u00e1tica.<\/p>\n\n\n\n<p><strong><em>Contenidos:<\/em><\/strong><\/p>\n\n\n\n<p>Unidad 1: Transporte de Pasajeros<\/p>\n\n\n\n<p>Unidad 2: Transporte de Cargas<\/p>\n\n\n\n<p>Unidad 3: Infraestructura y sistemas inteligentes de transporte<\/p>\n\n\n\n<p>Unidad 4: Movilidad, Seguridad Vial y Externalidades<\/p>\n\n\n\n<p>Unidad 5: Log\u00edstica<\/p>\n\n\n\n<p>Unidad 6: Trabajo integrador de Diplomatura<\/p>\n\n\n\n<p><\/p>\n\n\n\n<p><strong><em>Detalles de dictado:<\/em><\/strong><\/p>\n\n\n\n<p><strong>Duraci\u00f3n<\/strong><em>: Un a\u00f1o<\/em><\/p>\n\n\n\n<p><strong><em>D\u00edas de dictado<\/em><\/strong><em>: s\u00e1bados. Intensivo<\/em><\/p>\n\n\n\n<p><strong><em>Modalidad:<\/em><\/strong><\/p>\n\n\n\n<ul><li><em>Combinada Presencial- Virtual sincr\u00f3nica\/asincr\u00f3nica.<\/em><\/li><\/ul>\n\n\n\n<p><strong><em>Actividades:<\/em><\/strong><\/p>\n\n\n\n<ul><li><em>Trabajos Grupales.<\/em><\/li><li><em>Trabajos individuales<\/em><\/li><li><em>Trabajos de campo<\/em><\/li><li><em>Evaluaciones individuales y grupales.<\/em><\/li><li><em>Exposiciones grupales<\/em><\/li><\/ul>\n\n\n\n<p><strong><em>Material de apoyo:<\/em><\/strong><\/p>\n\n\n\n<p><em>Clases sincr\u00f3nicas y asincr\u00f3nicas.<\/em><\/p>\n\n\n\n<p><em>Materiales de estudio. Videos y presentaciones<\/em><\/p>\n\n\n\n<p><em>Material de lectura y trabajos de investigaci\u00f3n en diversos formatos<\/em><\/p>\n\n\n\n<p><strong><em>Cuerpo docente:<\/em><\/strong><\/p>\n\n\n\n<p><em>Lic. Juan Piccirillo, Ing. Parodi,&nbsp;Ing. Hugo Rol\u00f3n, Ing. Walter Gurrera, Ing. Daniel Pugliese, Ing. Tossi, Ing. Hugo Bianchetto, Agrim. Jos\u00e9 Kobiela, Ing. Daniel Russomanno, T\u00e9c. Federico L\u00f3pez, Prof. Bruno Giormenti, Ing. Daniel Bossio, T\u00e9c. Guaglianone, Ing. Rodolfo Fiadone<\/em><\/p>\n\n\n\n<p><em>Consultas e inscripciones:<\/em><\/p>\n\n\n\n<ul><li>Correo:&nbsp;<a href=\"mailto:utn.c3t@gmail.com\">utn.c3t@gmail.com<\/a><\/li><\/ul>\n","protected":false},"excerpt":{"rendered":"<p>Inscripci\u00f3n Abierta \u2013 Formaci\u00f3n arancelada (Inscripci\u00f3n on-line) El C3T (Centro Tecnol\u00f3gico de Transporte, Tr\u00e1nsito y Seguridad Vial) de la Universidad Tecnol\u00f3gica Nacional presenta la Diplomatura 2022 en Transporte, Movilidad, Seguridad Vial y Log\u00edstica, con fecha de inicio el 23 de Abril. Objetivos: Formar profesionales con aptitudes para realizar actividades de capacitaci\u00f3n, gesti\u00f3n, planificaci\u00f3n y operaci\u00f3n [&hellip;]<\/p>\n","protected":false},"author":2,"featured_media":0,"comment_status":"closed","ping_status":"closed","sticky":false,"template":"","format":"standard","meta":[],"categories":[1],"tags":[],"_links":{"self":[{"href":"https:\/\/c3t-utn.ar\/index.php?rest_route=\/wp\/v2\/posts\/1200"}],"collection":[{"href":"https:\/\/c3t-utn.ar\/index.php?rest_route=\/wp\/v2\/posts"}],"about":[{"href":"https:\/\/c3t-utn.ar\/index.php?rest_route=\/wp\/v2\/types\/post"}],"author":[{"embeddable":true,"href":"https:\/\/c3t-utn.ar\/index.php?rest_route=\/wp\/v2\/users\/2"}],"replies":[{"embeddable":true,"href":"https:\/\/c3t-utn.ar\/index.php?rest_route=%2Fwp%2Fv2%2Fcomments&post=1200"}],"version-history":[{"count":1,"href":"https:\/\/c3t-utn.ar\/index.php?rest_route=\/wp\/v2\/posts\/1200\/revisions"}],"predecessor-version":[{"id":1202,"href":"https:\/\/c3t-utn.ar\/index.php?rest_route=\/wp\/v2\/posts\/1200\/revisions\/1202"}],"wp:attachment":[{"href":"https:\/\/c3t-utn.ar\/index.php?rest_route=%2Fwp%2Fv2%2Fmedia&parent=1200"}],"wp:term":[{"taxonomy":"category","embeddable":true,"href":"https:\/\/c3t-utn.ar\/index.php?rest_route=%2Fwp%2Fv2%2Fcategories&post=1200"},{"taxonomy":"post_tag","embeddable":true,"href":"https:\/\/c3t-utn.ar\/index.php?rest_route=%2Fwp%2Fv2%2Ftags&post=1200"}],"curies":[{"name":"wp","href":"https:\/\/api.w.org\/{rel}","templated":true}]}}