{"id":1243,"date":"2023-05-11T17:46:39","date_gmt":"2023-05-11T17:46:39","guid":{"rendered":"http:\/\/c3t-utn.ar\/?p=1243"},"modified":"2023-05-11T17:46:39","modified_gmt":"2023-05-11T17:46:39","slug":"acto-de-colacion-de-diplomados-en-transporte-movilidad-seguridad-vial-y-logisticaa","status":"publish","type":"post","link":"https:\/\/c3t-utn.ar\/?p=1243","title":{"rendered":"Acto de colaci\u00f3n de diplomados en Transporte, Movilidad, Seguridad Vial y Log\u00edsticaa"},"content":{"rendered":"\n<p>El mi\u00e9rcoles 10 de mayo se llev\u00f3 a cabo la colaci\u00f3n de la Diplomatura en Transporte, Movilidad, Seguridad Vial y Log\u00edstica, dictada en 2022 por el Centro Tecnol\u00f3gico de Transporte, Tr\u00e1nsito y Seguridad Vial de la Universidad Tecnol\u00f3gica Nacional.<\/p>\n\n\n\n<figure class=\"wp-block-image size-large\"><a href=\"http:\/\/c3t-utn.ar\/wp-content\/uploads\/2023\/05\/DSC_0076.jpg\"><img loading=\"lazy\" width=\"1024\" height=\"633\" src=\"http:\/\/c3t-utn.ar\/wp-content\/uploads\/2023\/05\/DSC_0076-1024x633.jpg\" alt=\"\" class=\"wp-image-1244\" srcset=\"https:\/\/c3t-utn.ar\/wp-content\/uploads\/2023\/05\/DSC_0076-1024x633.jpg 1024w, https:\/\/c3t-utn.ar\/wp-content\/uploads\/2023\/05\/DSC_0076-300x186.jpg 300w, https:\/\/c3t-utn.ar\/wp-content\/uploads\/2023\/05\/DSC_0076-768x475.jpg 768w, https:\/\/c3t-utn.ar\/wp-content\/uploads\/2023\/05\/DSC_0076-1536x950.jpg 1536w, https:\/\/c3t-utn.ar\/wp-content\/uploads\/2023\/05\/DSC_0076-250x155.jpg 250w, https:\/\/c3t-utn.ar\/wp-content\/uploads\/2023\/05\/DSC_0076.jpg 2000w\" sizes=\"(max-width: 1024px) 100vw, 1024px\" \/><\/a><\/figure>\n\n\n\n<p>Un total de 26 estudiantes se graduaron, de los cuales 11 tuvieron la oportunidad de asistir en persona a la ceremonia realizada en el auditorio del Instituto Nacional Superior del Profesorado T\u00e9cnico. Los dem\u00e1s estudiantes, no pudieron asistir debido a que residen en distintas provincias del pa\u00eds.<\/p>\n\n\n\n<p><br>La ceremonia cont\u00f3 con la presencia del Director del C3T, Enrique Filgueira, del Ingeniero Hugo Rol\u00f3n, y de las autoridades del INSPT, quienes felicitaron a los egresados por su arduo trabajo y dedicaci\u00f3n.<\/p>\n\n\n\n<p><br>Durante la colaci\u00f3n, se destac\u00f3 el compromiso de los estudiantes en el programa de estudios, as\u00ed como tambi\u00e9n se destac\u00f3 la importancia del transporte en nuestra sociedad.<\/p>\n\n\n\n<p><\/p>\n\n\n\n<p><\/p>\n\n\n\n<figure class=\"wp-block-gallery has-nested-images columns-default is-cropped\">\n<figure class=\"wp-block-image size-full\"><a href=\"http:\/\/c3t-utn.ar\/wp-content\/uploads\/2023\/05\/DSC_0049-1.jpg\"><img loading=\"lazy\" width=\"320\" height=\"214\" data-id=\"1246\"  src=\"http:\/\/c3t-utn.ar\/wp-content\/uploads\/2023\/05\/DSC_0049-1.jpg\" alt=\"\" class=\"wp-image-1246\" srcset=\"https:\/\/c3t-utn.ar\/wp-content\/uploads\/2023\/05\/DSC_0049-1.jpg 320w, https:\/\/c3t-utn.ar\/wp-content\/uploads\/2023\/05\/DSC_0049-1-300x201.jpg 300w, https:\/\/c3t-utn.ar\/wp-content\/uploads\/2023\/05\/DSC_0049-1-250x167.jpg 250w\" sizes=\"(max-width: 320px) 100vw, 320px\" \/><\/a><\/figure>\n\n\n\n<figure class=\"wp-block-image size-full\"><a href=\"http:\/\/c3t-utn.ar\/wp-content\/uploads\/2023\/05\/DSC_0064.jpg\"><img loading=\"lazy\" width=\"320\" height=\"214\" data-id=\"1248\"  src=\"http:\/\/c3t-utn.ar\/wp-content\/uploads\/2023\/05\/DSC_0064.jpg\" alt=\"\" class=\"wp-image-1248\" srcset=\"https:\/\/c3t-utn.ar\/wp-content\/uploads\/2023\/05\/DSC_0064.jpg 320w, https:\/\/c3t-utn.ar\/wp-content\/uploads\/2023\/05\/DSC_0064-300x201.jpg 300w, https:\/\/c3t-utn.ar\/wp-content\/uploads\/2023\/05\/DSC_0064-250x167.jpg 250w\" sizes=\"(max-width: 320px) 100vw, 320px\" \/><\/a><\/figure>\n\n\n\n<figure class=\"wp-block-image size-full\"><a href=\"http:\/\/c3t-utn.ar\/wp-content\/uploads\/2023\/05\/DSC_0063-1.jpg\"><img loading=\"lazy\" width=\"320\" height=\"230\" data-id=\"1250\"  src=\"http:\/\/c3t-utn.ar\/wp-content\/uploads\/2023\/05\/DSC_0063-1.jpg\" alt=\"\" class=\"wp-image-1250\" srcset=\"https:\/\/c3t-utn.ar\/wp-content\/uploads\/2023\/05\/DSC_0063-1.jpg 320w, https:\/\/c3t-utn.ar\/wp-content\/uploads\/2023\/05\/DSC_0063-1-300x216.jpg 300w, https:\/\/c3t-utn.ar\/wp-content\/uploads\/2023\/05\/DSC_0063-1-250x180.jpg 250w\" sizes=\"(max-width: 320px) 100vw, 320px\" \/><\/a><\/figure>\n\n\n\n<figure class=\"wp-block-image size-full\"><a href=\"http:\/\/c3t-utn.ar\/wp-content\/uploads\/2023\/05\/DSC_0082-1.jpg\"><img loading=\"lazy\" width=\"320\" height=\"214\" data-id=\"1251\"  src=\"http:\/\/c3t-utn.ar\/wp-content\/uploads\/2023\/05\/DSC_0082-1.jpg\" alt=\"\" class=\"wp-image-1251\" srcset=\"https:\/\/c3t-utn.ar\/wp-content\/uploads\/2023\/05\/DSC_0082-1.jpg 320w, https:\/\/c3t-utn.ar\/wp-content\/uploads\/2023\/05\/DSC_0082-1-300x201.jpg 300w, https:\/\/c3t-utn.ar\/wp-content\/uploads\/2023\/05\/DSC_0082-1-250x167.jpg 250w\" sizes=\"(max-width: 320px) 100vw, 320px\" \/><\/a><\/figure>\n\n\n\n<figure class=\"wp-block-image size-full\"><a href=\"http:\/\/c3t-utn.ar\/wp-content\/uploads\/2023\/05\/DSC_0106.jpg\"><img loading=\"lazy\" width=\"320\" height=\"214\" data-id=\"1252\"  src=\"http:\/\/c3t-utn.ar\/wp-content\/uploads\/2023\/05\/DSC_0106.jpg\" alt=\"\" class=\"wp-image-1252\" srcset=\"https:\/\/c3t-utn.ar\/wp-content\/uploads\/2023\/05\/DSC_0106.jpg 320w, https:\/\/c3t-utn.ar\/wp-content\/uploads\/2023\/05\/DSC_0106-300x201.jpg 300w, https:\/\/c3t-utn.ar\/wp-content\/uploads\/2023\/05\/DSC_0106-250x167.jpg 250w\" sizes=\"(max-width: 320px) 100vw, 320px\" \/><\/a><\/figure>\n<\/figure>\n\n\n\n<div class=\"wp-block-columns\">\n<div class=\"wp-block-column\" style=\"flex-basis:100%\">\n<div class=\"wp-container-1 wp-block-group\"><div class=\"wp-block-group__inner-container\">\n<div class=\"wp-block-columns\">\n<div class=\"wp-block-column\" style=\"flex-basis:100%\">\n<p>Desde el C3T, estamos orgullosos de nuestros egresados y les deseamos lo mejor en su futuro profesional. Esperamos que puedan aplicar lo aprendido en la Diplomatura en Transporte y contribuir al desarrollo del pa\u00eds en este \u00e1mbito tan importante. \u00a1Felicitaciones a todos los graduados y a sus familias!<\/p>\n<\/div>\n<\/div>\n<\/div><\/div>\n<\/div>\n<\/div>\n","protected":false},"excerpt":{"rendered":"<p>El mi\u00e9rcoles 10 de mayo se llev\u00f3 a cabo la colaci\u00f3n de la Diplomatura en Transporte, Movilidad, Seguridad Vial y Log\u00edstica, dictada en 2022 por el Centro Tecnol\u00f3gico de Transporte, Tr\u00e1nsito y Seguridad Vial de la Universidad Tecnol\u00f3gica Nacional. Un total de 26 estudiantes se graduaron, de los cuales 11 tuvieron la oportunidad de asistir [&hellip;]<\/p>\n","protected":false},"author":2,"featured_media":0,"comment_status":"closed","ping_status":"closed","sticky":false,"template":"","format":"standard","meta":[],"categories":[1],"tags":[],"_links":{"self":[{"href":"https:\/\/c3t-utn.ar\/index.php?rest_route=\/wp\/v2\/posts\/1243"}],"collection":[{"href":"https:\/\/c3t-utn.ar\/index.php?rest_route=\/wp\/v2\/posts"}],"about":[{"href":"https:\/\/c3t-utn.ar\/index.php?rest_route=\/wp\/v2\/types\/post"}],"author":[{"embeddable":true,"href":"https:\/\/c3t-utn.ar\/index.php?rest_route=\/wp\/v2\/users\/2"}],"replies":[{"embeddable":true,"href":"https:\/\/c3t-utn.ar\/index.php?rest_route=%2Fwp%2Fv2%2Fcomments&post=1243"}],"version-history":[{"count":3,"href":"https:\/\/c3t-utn.ar\/index.php?rest_route=\/wp\/v2\/posts\/1243\/revisions"}],"predecessor-version":[{"id":1255,"href":"https:\/\/c3t-utn.ar\/index.php?rest_route=\/wp\/v2\/posts\/1243\/revisions\/1255"}],"wp:attachment":[{"href":"https:\/\/c3t-utn.ar\/index.php?rest_route=%2Fwp%2Fv2%2Fmedia&parent=1243"}],"wp:term":[{"taxonomy":"category","embeddable":true,"href":"https:\/\/c3t-utn.ar\/index.php?rest_route=%2Fwp%2Fv2%2Fcategories&post=1243"},{"taxonomy":"post_tag","embeddable":true,"href":"https:\/\/c3t-utn.ar\/index.php?rest_route=%2Fwp%2Fv2%2Ftags&post=1243"}],"curies":[{"name":"wp","href":"https:\/\/api.w.org\/{rel}","templated":true}]}}