{"id":128,"date":"2012-10-25T17:49:10","date_gmt":"2012-10-25T17:49:10","guid":{"rendered":"http:\/\/c3t-utn.com.ar\/?p=128"},"modified":"2016-02-22T18:46:08","modified_gmt":"2016-02-22T18:46:08","slug":"15ta-jornada-tecnica-en-el-c3t-utn-agencia-metropolitana-de-transporte-la-experiencia-de-madrid-bases-de-un-consorcio-en-madrid-y-su-area-suburbana","status":"publish","type":"post","link":"https:\/\/c3t-utn.ar\/?p=128","title":{"rendered":"15ta. Jornada T\u00e9cnica  en el C3T-UTN: \u201cAgencia Metropolitana de Transporte \u2013 La experiencia de Madrid. Bases de un consorcio en Madrid y su \u00e1rea suburbana\u00bb"},"content":{"rendered":"<h3><b>15ta. Jornada T\u00e9cnica\u00a0 en el C3T-UTN<\/b><br \/>\n<span style=\"color: #0000ff;\"><b>\u201cAgencia Metropolitana de Transporte \u2013 La experiencia de Madrid. Bases de un consorcio en Madrid y su \u00e1rea suburbana\u00bb<\/b><\/span><\/h3>\n<p style=\"text-align: justify;\">El pasado 25 de Octubre de 2012 a las 18 horas, en el Sal\u00f3n Juan S\u00e1bato del Rectorado de la Universidad Tecnol\u00f3gica Nacional, sito en la calle Sarmiento 440 6to piso, de la Ciudad Aut\u00f3noma de Buenos Aires, fue realizada la 15ta Jornada T\u00e9cnica del C3T, denominada \u201c<strong>Agencia Metropolitana de Transporte \u2013 La Experiencia de Madrid<\/strong>\u201d. La charla estuvo a cargo del Ing. Gonzalo Mart\u00edn Baranda y fue moderada por el Ing. Jos\u00e9 Giraldes del C3T.<\/p>\n<p>El Ingeniero\u00a0<b>Gonzalo Mart\u00edn Baranda\u00a0<\/b>naci\u00f3 en San Sebasti\u00e1n, Pa\u00eds Vasco, en 1946. Se ha dedicado toda su vida a los ferrocarriles. Fue Profesor de Ferrocarriles en la ETSI de Caminos, Canales y Puertos de Madrid, y fue Director General de Ingenier\u00eda de RENFE durante la construcci\u00f3n del AVE Madrid-Sevilla. Su participaci\u00f3n en esta obra lo llev\u00f3 a gestar y a ser uno de los protagonistas de la transformaci\u00f3n del ferrocarril en Espa\u00f1a. En la actualidad se desempe\u00f1a como Consultor de Transportes en Am\u00e9rica Latina.<\/p>\n<p>Para descargar la presentaci\u00f3n realizada en la Jornada, <a href=\"http:\/\/c3t-utn.ar\/wp-content\/uploads\/2014\/09\/Presentaci\u00f3n-UTN.ppt\">presione aqu\u00ed<\/a>.<\/p>\n","protected":false},"excerpt":{"rendered":"<p>15ta. Jornada T\u00e9cnica\u00a0 en el C3T-UTN \u201cAgencia Metropolitana de Transporte \u2013 La experiencia de Madrid. Bases de un consorcio en Madrid y su \u00e1rea suburbana\u00bb El pasado 25 de Octubre de 2012 a las 18 horas, en el Sal\u00f3n Juan S\u00e1bato del Rectorado de la Universidad Tecnol\u00f3gica Nacional, sito en la calle Sarmiento 440 6to [&hellip;]<\/p>\n","protected":false},"author":2,"featured_media":0,"comment_status":"open","ping_status":"open","sticky":false,"template":"","format":"standard","meta":[],"categories":[3],"tags":[5,18,16],"_links":{"self":[{"href":"https:\/\/c3t-utn.ar\/index.php?rest_route=\/wp\/v2\/posts\/128"}],"collection":[{"href":"https:\/\/c3t-utn.ar\/index.php?rest_route=\/wp\/v2\/posts"}],"about":[{"href":"https:\/\/c3t-utn.ar\/index.php?rest_route=\/wp\/v2\/types\/post"}],"author":[{"embeddable":true,"href":"https:\/\/c3t-utn.ar\/index.php?rest_route=\/wp\/v2\/users\/2"}],"replies":[{"embeddable":true,"href":"https:\/\/c3t-utn.ar\/index.php?rest_route=%2Fwp%2Fv2%2Fcomments&post=128"}],"version-history":[{"count":4,"href":"https:\/\/c3t-utn.ar\/index.php?rest_route=\/wp\/v2\/posts\/128\/revisions"}],"predecessor-version":[{"id":758,"href":"https:\/\/c3t-utn.ar\/index.php?rest_route=\/wp\/v2\/posts\/128\/revisions\/758"}],"wp:attachment":[{"href":"https:\/\/c3t-utn.ar\/index.php?rest_route=%2Fwp%2Fv2%2Fmedia&parent=128"}],"wp:term":[{"taxonomy":"category","embeddable":true,"href":"https:\/\/c3t-utn.ar\/index.php?rest_route=%2Fwp%2Fv2%2Fcategories&post=128"},{"taxonomy":"post_tag","embeddable":true,"href":"https:\/\/c3t-utn.ar\/index.php?rest_route=%2Fwp%2Fv2%2Ftags&post=128"}],"curies":[{"name":"wp","href":"https:\/\/api.w.org\/{rel}","templated":true}]}}