{"id":1291,"date":"2024-09-20T14:38:47","date_gmt":"2024-09-20T14:38:47","guid":{"rendered":"https:\/\/c3t-utn.ar\/?p=1291"},"modified":"2024-09-20T14:38:47","modified_gmt":"2024-09-20T14:38:47","slug":"expo-universidades-2024-en-el-galpon-de-la-estacion-un-encuentro-para-el-futuro-de-los-jovenes","status":"publish","type":"post","link":"https:\/\/c3t-utn.ar\/?p=1291","title":{"rendered":"Expo Universidades 2024 en El Galp\u00f3n de la Estaci\u00f3n: Un Encuentro para el Futuro de los J\u00f3venes"},"content":{"rendered":"\n<figure class=\"wp-block-image size-large\"><a href=\"https:\/\/c3t-utn.ar\/wp-content\/uploads\/2024\/09\/WhatsApp-Image-2024-09-20-at-09.38.35-scaled.jpeg\"><img loading=\"lazy\" width=\"1024\" height=\"683\" src=\"https:\/\/c3t-utn.ar\/wp-content\/uploads\/2024\/09\/WhatsApp-Image-2024-09-20-at-09.38.35-1024x683.jpeg\" alt=\"\" class=\"wp-image-1292\" srcset=\"https:\/\/c3t-utn.ar\/wp-content\/uploads\/2024\/09\/WhatsApp-Image-2024-09-20-at-09.38.35-1024x683.jpeg 1024w, https:\/\/c3t-utn.ar\/wp-content\/uploads\/2024\/09\/WhatsApp-Image-2024-09-20-at-09.38.35-300x200.jpeg 300w, https:\/\/c3t-utn.ar\/wp-content\/uploads\/2024\/09\/WhatsApp-Image-2024-09-20-at-09.38.35-768x512.jpeg 768w, https:\/\/c3t-utn.ar\/wp-content\/uploads\/2024\/09\/WhatsApp-Image-2024-09-20-at-09.38.35-1536x1024.jpeg 1536w, https:\/\/c3t-utn.ar\/wp-content\/uploads\/2024\/09\/WhatsApp-Image-2024-09-20-at-09.38.35-2048x1365.jpeg 2048w, https:\/\/c3t-utn.ar\/wp-content\/uploads\/2024\/09\/WhatsApp-Image-2024-09-20-at-09.38.35-250x167.jpeg 250w\" sizes=\"(max-width: 1024px) 100vw, 1024px\" \/><\/a><\/figure>\n\n\n\n<p>El pasado mi\u00e9rcoles 18\/09, se llev\u00f3 a cabo la Expo Universidades 2024 en el Centro Cultural El Galp\u00f3n de la Estaci\u00f3n, en Monte Grande. Este evento fue organizado por el \u00e1rea de Desarrollo Social y el \u00e1rea de Educaci\u00f3n del Municipio, con el objetivo de brindar a los y las j\u00f3venes herramientas que los ayuden a tomar decisiones sobre su futuro acad\u00e9mico y profesional.<\/p>\n\n\n\n<p>Durante la jornada, un equipo de profesionales brind\u00f3 orientaci\u00f3n vocacional, ofreciendo a los asistentes un espacio para reflexionar sobre sus intereses y opciones educativas. Desde la Universidad Tecnol\u00f3gica Nacional (UTN) fuimos invitados a participar, presentando nuestra oferta acad\u00e9mica que incluye nuestras carreras de grado y, la Diplomatura en Administraci\u00f3n de Instituciones y la Diplomatura en Transporte, Tr\u00e1nsito y Seguridad Vial que brindamos desde el Centro Tecnol\u00f3gico de Transporte, Tr\u00e1nsito y Seguridad Vial (C3T).<\/p>\n\n\n\n<p>Este tipo de iniciativas son fundamentales para acompa\u00f1ar a los j\u00f3venes en su camino hacia la formaci\u00f3n profesional, proporcion\u00e1ndoles acceso a informaci\u00f3n valiosa y orientaci\u00f3n que les permita tomar decisiones informadas sobre su futuro.<\/p>\n\n\n\n<p>\u00a1Agradecemos la invitaci\u00f3n y esperamos seguir participando en eventos que impulsen la educaci\u00f3n y el desarrollo de nuestra comunidad!<\/p>\n\n\n\n<figure class=\"wp-block-gallery has-nested-images columns-default is-cropped\">\n<figure class=\"wp-block-image size-large\"><a href=\"https:\/\/c3t-utn.ar\/wp-content\/uploads\/2024\/09\/WhatsApp-Image-2024-09-20-at-11.29.04-3.jpeg\"><img loading=\"lazy\" width=\"1024\" height=\"768\" data-id=\"1293\"  src=\"https:\/\/c3t-utn.ar\/wp-content\/uploads\/2024\/09\/WhatsApp-Image-2024-09-20-at-11.29.04-3-1024x768.jpeg\" alt=\"\" class=\"wp-image-1293\" srcset=\"https:\/\/c3t-utn.ar\/wp-content\/uploads\/2024\/09\/WhatsApp-Image-2024-09-20-at-11.29.04-3-1024x768.jpeg 1024w, https:\/\/c3t-utn.ar\/wp-content\/uploads\/2024\/09\/WhatsApp-Image-2024-09-20-at-11.29.04-3-300x225.jpeg 300w, https:\/\/c3t-utn.ar\/wp-content\/uploads\/2024\/09\/WhatsApp-Image-2024-09-20-at-11.29.04-3-768x576.jpeg 768w, https:\/\/c3t-utn.ar\/wp-content\/uploads\/2024\/09\/WhatsApp-Image-2024-09-20-at-11.29.04-3-250x188.jpeg 250w, https:\/\/c3t-utn.ar\/wp-content\/uploads\/2024\/09\/WhatsApp-Image-2024-09-20-at-11.29.04-3.jpeg 1280w\" sizes=\"(max-width: 1024px) 100vw, 1024px\" \/><\/a><\/figure>\n\n\n\n<figure class=\"wp-block-image size-large\"><a href=\"https:\/\/c3t-utn.ar\/wp-content\/uploads\/2024\/09\/WhatsApp-Image-2024-09-20-at-11.29.04-2.jpeg\"><img loading=\"lazy\" width=\"1024\" height=\"768\" data-id=\"1294\"  src=\"https:\/\/c3t-utn.ar\/wp-content\/uploads\/2024\/09\/WhatsApp-Image-2024-09-20-at-11.29.04-2-1024x768.jpeg\" alt=\"\" class=\"wp-image-1294\" srcset=\"https:\/\/c3t-utn.ar\/wp-content\/uploads\/2024\/09\/WhatsApp-Image-2024-09-20-at-11.29.04-2-1024x768.jpeg 1024w, https:\/\/c3t-utn.ar\/wp-content\/uploads\/2024\/09\/WhatsApp-Image-2024-09-20-at-11.29.04-2-300x225.jpeg 300w, https:\/\/c3t-utn.ar\/wp-content\/uploads\/2024\/09\/WhatsApp-Image-2024-09-20-at-11.29.04-2-768x576.jpeg 768w, https:\/\/c3t-utn.ar\/wp-content\/uploads\/2024\/09\/WhatsApp-Image-2024-09-20-at-11.29.04-2-250x188.jpeg 250w, https:\/\/c3t-utn.ar\/wp-content\/uploads\/2024\/09\/WhatsApp-Image-2024-09-20-at-11.29.04-2.jpeg 1280w\" sizes=\"(max-width: 1024px) 100vw, 1024px\" \/><\/a><\/figure>\n\n\n\n<figure class=\"wp-block-image size-large\"><a href=\"https:\/\/c3t-utn.ar\/wp-content\/uploads\/2024\/09\/WhatsApp-Image-2024-09-20-at-11.29.04-1.jpeg\"><img loading=\"lazy\" width=\"1024\" height=\"768\" data-id=\"1296\"  src=\"https:\/\/c3t-utn.ar\/wp-content\/uploads\/2024\/09\/WhatsApp-Image-2024-09-20-at-11.29.04-1-1024x768.jpeg\" alt=\"\" class=\"wp-image-1296\" srcset=\"https:\/\/c3t-utn.ar\/wp-content\/uploads\/2024\/09\/WhatsApp-Image-2024-09-20-at-11.29.04-1-1024x768.jpeg 1024w, https:\/\/c3t-utn.ar\/wp-content\/uploads\/2024\/09\/WhatsApp-Image-2024-09-20-at-11.29.04-1-300x225.jpeg 300w, https:\/\/c3t-utn.ar\/wp-content\/uploads\/2024\/09\/WhatsApp-Image-2024-09-20-at-11.29.04-1-768x576.jpeg 768w, https:\/\/c3t-utn.ar\/wp-content\/uploads\/2024\/09\/WhatsApp-Image-2024-09-20-at-11.29.04-1-1536x1152.jpeg 1536w, https:\/\/c3t-utn.ar\/wp-content\/uploads\/2024\/09\/WhatsApp-Image-2024-09-20-at-11.29.04-1-250x188.jpeg 250w, https:\/\/c3t-utn.ar\/wp-content\/uploads\/2024\/09\/WhatsApp-Image-2024-09-20-at-11.29.04-1.jpeg 1600w\" sizes=\"(max-width: 1024px) 100vw, 1024px\" \/><\/a><\/figure>\n\n\n\n<figure class=\"wp-block-image size-large\"><a href=\"https:\/\/c3t-utn.ar\/wp-content\/uploads\/2024\/09\/WhatsApp-Image-2024-09-20-at-11.29.04.jpeg\"><img loading=\"lazy\" width=\"1024\" height=\"768\" data-id=\"1295\"  src=\"https:\/\/c3t-utn.ar\/wp-content\/uploads\/2024\/09\/WhatsApp-Image-2024-09-20-at-11.29.04-1024x768.jpeg\" alt=\"\" class=\"wp-image-1295\" srcset=\"https:\/\/c3t-utn.ar\/wp-content\/uploads\/2024\/09\/WhatsApp-Image-2024-09-20-at-11.29.04-1024x768.jpeg 1024w, https:\/\/c3t-utn.ar\/wp-content\/uploads\/2024\/09\/WhatsApp-Image-2024-09-20-at-11.29.04-300x225.jpeg 300w, https:\/\/c3t-utn.ar\/wp-content\/uploads\/2024\/09\/WhatsApp-Image-2024-09-20-at-11.29.04-768x576.jpeg 768w, https:\/\/c3t-utn.ar\/wp-content\/uploads\/2024\/09\/WhatsApp-Image-2024-09-20-at-11.29.04-250x188.jpeg 250w, https:\/\/c3t-utn.ar\/wp-content\/uploads\/2024\/09\/WhatsApp-Image-2024-09-20-at-11.29.04.jpeg 1280w\" sizes=\"(max-width: 1024px) 100vw, 1024px\" \/><\/a><\/figure>\n\n\n\n<figure class=\"wp-block-image size-large\"><a href=\"https:\/\/c3t-utn.ar\/wp-content\/uploads\/2024\/09\/WhatsApp-Image-2024-09-20-at-09.38.36-scaled.jpeg\"><img loading=\"lazy\" width=\"1024\" height=\"683\" data-id=\"1297\"  src=\"https:\/\/c3t-utn.ar\/wp-content\/uploads\/2024\/09\/WhatsApp-Image-2024-09-20-at-09.38.36-1024x683.jpeg\" alt=\"\" class=\"wp-image-1297\" srcset=\"https:\/\/c3t-utn.ar\/wp-content\/uploads\/2024\/09\/WhatsApp-Image-2024-09-20-at-09.38.36-1024x683.jpeg 1024w, https:\/\/c3t-utn.ar\/wp-content\/uploads\/2024\/09\/WhatsApp-Image-2024-09-20-at-09.38.36-300x200.jpeg 300w, https:\/\/c3t-utn.ar\/wp-content\/uploads\/2024\/09\/WhatsApp-Image-2024-09-20-at-09.38.36-768x512.jpeg 768w, https:\/\/c3t-utn.ar\/wp-content\/uploads\/2024\/09\/WhatsApp-Image-2024-09-20-at-09.38.36-1536x1024.jpeg 1536w, https:\/\/c3t-utn.ar\/wp-content\/uploads\/2024\/09\/WhatsApp-Image-2024-09-20-at-09.38.36-2048x1365.jpeg 2048w, https:\/\/c3t-utn.ar\/wp-content\/uploads\/2024\/09\/WhatsApp-Image-2024-09-20-at-09.38.36-250x167.jpeg 250w\" sizes=\"(max-width: 1024px) 100vw, 1024px\" \/><\/a><\/figure>\n<\/figure>\n","protected":false},"excerpt":{"rendered":"<p>El pasado mi\u00e9rcoles 18\/09, se llev\u00f3 a cabo la Expo Universidades 2024 en el Centro Cultural El Galp\u00f3n de la Estaci\u00f3n, en Monte Grande. Este evento fue organizado por el \u00e1rea de Desarrollo Social y el \u00e1rea de Educaci\u00f3n del Municipio, con el objetivo de brindar a los y las j\u00f3venes herramientas que los ayuden [&hellip;]<\/p>\n","protected":false},"author":2,"featured_media":0,"comment_status":"closed","ping_status":"closed","sticky":false,"template":"","format":"standard","meta":[],"categories":[1],"tags":[],"_links":{"self":[{"href":"https:\/\/c3t-utn.ar\/index.php?rest_route=\/wp\/v2\/posts\/1291"}],"collection":[{"href":"https:\/\/c3t-utn.ar\/index.php?rest_route=\/wp\/v2\/posts"}],"about":[{"href":"https:\/\/c3t-utn.ar\/index.php?rest_route=\/wp\/v2\/types\/post"}],"author":[{"embeddable":true,"href":"https:\/\/c3t-utn.ar\/index.php?rest_route=\/wp\/v2\/users\/2"}],"replies":[{"embeddable":true,"href":"https:\/\/c3t-utn.ar\/index.php?rest_route=%2Fwp%2Fv2%2Fcomments&post=1291"}],"version-history":[{"count":1,"href":"https:\/\/c3t-utn.ar\/index.php?rest_route=\/wp\/v2\/posts\/1291\/revisions"}],"predecessor-version":[{"id":1298,"href":"https:\/\/c3t-utn.ar\/index.php?rest_route=\/wp\/v2\/posts\/1291\/revisions\/1298"}],"wp:attachment":[{"href":"https:\/\/c3t-utn.ar\/index.php?rest_route=%2Fwp%2Fv2%2Fmedia&parent=1291"}],"wp:term":[{"taxonomy":"category","embeddable":true,"href":"https:\/\/c3t-utn.ar\/index.php?rest_route=%2Fwp%2Fv2%2Fcategories&post=1291"},{"taxonomy":"post_tag","embeddable":true,"href":"https:\/\/c3t-utn.ar\/index.php?rest_route=%2Fwp%2Fv2%2Ftags&post=1291"}],"curies":[{"name":"wp","href":"https:\/\/api.w.org\/{rel}","templated":true}]}}