{"id":1300,"date":"2024-09-24T14:45:36","date_gmt":"2024-09-24T14:45:36","guid":{"rendered":"https:\/\/c3t-utn.ar\/?p=1300"},"modified":"2024-09-24T14:45:36","modified_gmt":"2024-09-24T14:45:36","slug":"1300","status":"publish","type":"post","link":"https:\/\/c3t-utn.ar\/?p=1300","title":{"rendered":""},"content":{"rendered":"\n<figure class=\"wp-block-image size-full\"><a href=\"https:\/\/c3t-utn.ar\/wp-content\/uploads\/2024\/09\/titulo.png\"><img loading=\"lazy\" width=\"554\" height=\"91\" src=\"https:\/\/c3t-utn.ar\/wp-content\/uploads\/2024\/09\/titulo.png\" alt=\"\" class=\"wp-image-1301\" srcset=\"https:\/\/c3t-utn.ar\/wp-content\/uploads\/2024\/09\/titulo.png 554w, https:\/\/c3t-utn.ar\/wp-content\/uploads\/2024\/09\/titulo-300x49.png 300w, https:\/\/c3t-utn.ar\/wp-content\/uploads\/2024\/09\/titulo-250x41.png 250w\" sizes=\"(max-width: 554px) 100vw, 554px\" \/><\/a><\/figure>\n\n\n\n<figure class=\"wp-block-image size-full is-resized\"><a href=\"https:\/\/c3t-utn.ar\/wp-content\/uploads\/2024\/09\/bus.png\"><img loading=\"lazy\" src=\"https:\/\/c3t-utn.ar\/wp-content\/uploads\/2024\/09\/bus.png\" alt=\"\" class=\"wp-image-1302\" width=\"696\" height=\"642\" srcset=\"https:\/\/c3t-utn.ar\/wp-content\/uploads\/2024\/09\/bus.png 556w, https:\/\/c3t-utn.ar\/wp-content\/uploads\/2024\/09\/bus-300x277.png 300w, https:\/\/c3t-utn.ar\/wp-content\/uploads\/2024\/09\/bus-250x231.png 250w\" sizes=\"(max-width: 696px) 100vw, 696px\" \/><\/a><\/figure>\n\n\n\n<p class=\"has-text-align-left has-vivid-cyan-blue-color has-text-color has-large-font-size\">2 y 3 Octubre 2024<\/p>\n\n\n\n<p><a href=\"https:\/\/www.simposioasepa.com\/\">https:\/\/www.simposioasepa.com\/<\/a><\/p>\n\n\n\n<h2 style=\"font-style:normal;font-weight:600\">PRESENTACI\u00d3N<\/h2>\n\n\n\n<p>Ante los problemas, incertidumbres y preocupaciones que afronta una parte muy importante de los sectores relacionados con el transporte: operadores de transporte, fabricantes de veh\u00edculos y equipos, suministradores de recursos energ\u00e9ticos y otros, parece oportuno organizar el presente SIMPOSIO, que pretende constituir un foro muy cualificado en el que se ofrezca un&nbsp; tratamiento conjunto de los problemas que afrontan los subsectores del transporte colectivo de pasajeros y de mercanc\u00edas, especialmente los operadores de largas distancias, en relaci\u00f3n con sus requerimientos espec\u00edficos de tecnolog\u00edas y energ\u00edas que permitan avanzar en el objetivo de descarbonizaci\u00f3n, sin poner en riesgo la eficacia, competitividad y viabilidad de los servicios que ofrecen a la Sociedad.<\/p>\n\n\n\n<p>En su organizaci\u00f3n, unen sus esfuerzos ASEPA e INSIA; la Asociaci\u00f3n Espa\u00f1ola de Profesionales de Automoci\u00f3n aporta un amplio conocimiento del sector y de los problemas que afronta en el \u00e1mbito de la descarbonizaci\u00f3n y el Instituto de Investigaci\u00f3n del Autom\u00f3vil Francisco Aparicio, de la Universidad Polit\u00e9cnica de Madrid, su alta especializaci\u00f3n en los problemas cient\u00edficos y tecnol\u00f3gicos relacionados con los sistemas de propulsi\u00f3n de veh\u00edculos de bajas o nulas emisiones.<\/p>\n\n\n\n<p>En el evento intervienen unos treinta especialistas, mayoritariamente pertenecientes a empresas de primer nivel&nbsp; de los diferentes segmentos del transporte por carretera y de la energ\u00eda; acad\u00e9micos altamente cualificados y destacados miembros de las administraciones y del parlamento europeo, para exponer una&nbsp; cuidadosa selecci\u00f3n de los temas de m\u00e1xima actualidad ofreciendo, en conjunto, un tratamiento&nbsp;&nbsp; pluridisciplinar ; todo ello en el entorno privilegiado de la Escuela T\u00e9cnica Superior de Ingenieros Industriales de la Universidad Polit\u00e9cnica de Madrid, en su sede, de valor hist\u00f3rico, del Paseo de la Castellana y, as\u00ed mismo, en formato online. &nbsp;<\/p>\n\n\n\n<h2 style=\"font-style:normal;font-weight:600\">OBJETIVOS&nbsp; &nbsp;&nbsp;<\/h2>\n\n\n\n<p>\u25aa Contribuir a analizar y valorar, de manera rigurosa y objetiva, las alternativas que ofrece la tecnolog\u00eda y los diferentes tipos de energ\u00eda, as\u00ed como los desarrollos que aportan las empresas de los sectores implicados y los centros de investigaci\u00f3n, para contribuir a la descarbonizaci\u00f3n del transporte colectivo de personas y de mercanc\u00edas, de largas distancias.<\/p>\n\n\n\n<p>\u25aa Servir de punto de encuentro y debate de todos los actores de sectores implicados: operadores de transporte, fabricantes de veh\u00edculos y equipos, suministradores energ\u00e9ticos, responsables de las administraciones implicadas, asociaciones, especialistas y centros de investigaci\u00f3n. <strong>&nbsp;<\/strong><\/p>\n\n\n\n<h2 style=\"font-style:normal;font-weight:600\">CONTENIDO&nbsp;<\/h2>\n\n\n\n<p>Se incluir\u00e1n sesiones de informaci\u00f3n y debate, as\u00ed como desarrollos y resultados de aplicaciones y experiencias significativas, en relaci\u00f3n con la descarbonizaci\u00f3n del transporte de mercanc\u00edas y colectivo de viajeros. Se analizar\u00e1n, de una manera rigurosa e integrada las diferentes alternativas energ\u00e9ticas, agrupadas en tres bloques:<strong> La electrificaci\u00f3n, el hidr\u00f3geno y los combustibles renovables. <\/strong>Tambi\u00e9n se analizar\u00e1n aspectos tan importantes como: <strong>suministro y redes de recarga el\u00e9ctrica; el \u00e1mbito normativo y los aspectos econ\u00f3micos<\/strong>.<\/p>\n\n\n\n<p><a href=\"https:\/\/docs.google.com\/document\/d\/1EoaFINFf5vZZP0qO5V7ozBDXEMtYLnVt\/edit?usp=sharing&amp;ouid=104545592572558376530&amp;rtpof=true&amp;sd=true\">LINK PROGRAMA<\/a><\/p>\n\n\n\n<h2 style=\"font-style:normal;font-weight:600\">LUGAR Y FECHAS DE REALIZACI\u00d3N<\/h2>\n\n\n\n<p>\u25aa Escuela T\u00e9cnica Superior de Ingenieros Industriales de Madrid C\/Jos\u00e9 Guti\u00e9rrez Abascal, 2 Madrid <\/p>\n\n\n\n<p>\u25aa D\u00edas 2 y 3 de octubre de 2024 en modalidad presencial u online. <strong>\u00a0<\/strong><\/p>\n\n\n\n<h2 style=\"font-style:normal;font-weight:600\">INSCRIPCIONES<\/h2>\n\n\n\n<p>La modalidad de inscripci\u00f3n puede ser Presencial u Online, con acceso al contenido durante los 30 d\u00edas posteriores a la celebraci\u00f3n del simposio. La inscripci\u00f3n se realizar\u00e1 a trav\u00e9s de la p\u00e1gina web oficial del SIMPOSIO.<\/p>\n\n\n\n<p>CUOTAS (el plazo de inscripci\u00f3n ya est\u00e1 abierto)<\/p>\n\n\n\n<ul><li>Precio base de inscripci\u00f3n presencial y online: 300 \u20ac<\/li><li>Precio base de inscripci\u00f3n presencial y online antes del d\u00eda 15 de septiembre: 250 \u20ac<\/li><\/ul>\n\n\n\n<p><\/p>\n\n\n\n<h2 style=\"font-style:normal;font-weight:600\">DESCUENTOS:<\/h2>\n\n\n\n<ul><li>Socio de ASEPA, miembro de un Protector de ASEPA o de un Patrocinador del Simposio (para plazas adicionales):<\/li><\/ul>\n\n\n\n<p>50% de descuento sobre los precios base (*) &#8211; Miembro de una Entidad Colaboradora:<\/p>\n\n\n\n<p>25% de descuento sobre los precios base (*)<\/p>\n\n\n\n<p><\/p>\n\n\n\n<p class=\"has-vivid-cyan-blue-color has-text-color\"><strong>SI EST\u00c1S INTERESADO EN PARTICIPAR COMO INVITADO C3T &#8211; UTN, ACCED\u00c9 CON DESCUENTO Y<\/strong> <strong>ESCRIBINOS:<\/strong><\/p>\n\n\n\n<p>E-mail: utn.c3t@gmail.com<\/p>\n\n\n\n<p><\/p>\n\n\n\n<p><strong>&nbsp;<\/strong>(*) Las inscripciones con derecho a descuento recibir\u00e1n el c\u00f3digo de promoci\u00f3n a trav\u00e9s de la entidad correspondiente. <strong>&nbsp;<\/strong><\/p>\n\n\n\n<h3 class=\"has-black-color has-text-color\" style=\"font-style:normal;font-weight:600\"><strong><u>CONTACTO<\/u><\/strong><\/h3>\n\n\n\n<p><strong>Tel\u00e9fono:<\/strong> \u00a0\u00a0\u00a0\u00a0\u00a0\u00a0 \u00a0\u00a0\u00a0\u00a0\u00a0 91 067 88 74<\/p>\n\n\n\n<figure class=\"wp-block-table is-style-stripes\"><table><tbody><tr><td><strong>Email:<\/strong><\/td><td>&nbsp;<\/td><td>asepa@asepa.es<\/td><\/tr><tr><td><strong>Lugar:<\/strong><\/td><td>&nbsp;<\/td><td>Campus Sur UPM. Carretera de Valencia, Autov\u00eda del Este, km.7, 28031 Madrid<\/td><\/tr><tr><td><strong>Web: <\/strong>&nbsp; <strong>&nbsp;<\/strong> <strong>&nbsp;&nbsp;<\/strong><\/td><td>&nbsp;<\/td><td><a href=\"https:\/\/www.simposioasepa.com\/\">https:\/\/www.simposioasepa.com\/<\/a><a href=\"https:\/\/www.simposioasepa.com\/\"> <\/a>&nbsp;<\/td><\/tr><\/tbody><\/table><\/figure>\n\n\n\n<figure class=\"wp-block-image size-full is-resized\"><a href=\"https:\/\/c3t-utn.ar\/wp-content\/uploads\/2024\/09\/shot_240924_114204.png\"><img loading=\"lazy\" src=\"https:\/\/c3t-utn.ar\/wp-content\/uploads\/2024\/09\/shot_240924_114204.png\" alt=\"\" class=\"wp-image-1307\" width=\"342\" height=\"79\" srcset=\"https:\/\/c3t-utn.ar\/wp-content\/uploads\/2024\/09\/shot_240924_114204.png 422w, https:\/\/c3t-utn.ar\/wp-content\/uploads\/2024\/09\/shot_240924_114204-300x69.png 300w, https:\/\/c3t-utn.ar\/wp-content\/uploads\/2024\/09\/shot_240924_114204-250x57.png 250w\" sizes=\"(max-width: 342px) 100vw, 342px\" \/><\/a><\/figure>\n\n\n\n<p><\/p>\n","protected":false},"excerpt":{"rendered":"<p>2 y 3 Octubre 2024 https:\/\/www.simposioasepa.com\/ PRESENTACI\u00d3N Ante los problemas, incertidumbres y preocupaciones que afronta una parte muy importante de los sectores relacionados con el transporte: operadores de transporte, fabricantes de veh\u00edculos y equipos, suministradores de recursos energ\u00e9ticos y otros, parece oportuno organizar el presente SIMPOSIO, que pretende constituir un foro muy cualificado en el [&hellip;]<\/p>\n","protected":false},"author":2,"featured_media":0,"comment_status":"closed","ping_status":"closed","sticky":false,"template":"","format":"standard","meta":[],"categories":[1],"tags":[],"_links":{"self":[{"href":"https:\/\/c3t-utn.ar\/index.php?rest_route=\/wp\/v2\/posts\/1300"}],"collection":[{"href":"https:\/\/c3t-utn.ar\/index.php?rest_route=\/wp\/v2\/posts"}],"about":[{"href":"https:\/\/c3t-utn.ar\/index.php?rest_route=\/wp\/v2\/types\/post"}],"author":[{"embeddable":true,"href":"https:\/\/c3t-utn.ar\/index.php?rest_route=\/wp\/v2\/users\/2"}],"replies":[{"embeddable":true,"href":"https:\/\/c3t-utn.ar\/index.php?rest_route=%2Fwp%2Fv2%2Fcomments&post=1300"}],"version-history":[{"count":6,"href":"https:\/\/c3t-utn.ar\/index.php?rest_route=\/wp\/v2\/posts\/1300\/revisions"}],"predecessor-version":[{"id":1309,"href":"https:\/\/c3t-utn.ar\/index.php?rest_route=\/wp\/v2\/posts\/1300\/revisions\/1309"}],"wp:attachment":[{"href":"https:\/\/c3t-utn.ar\/index.php?rest_route=%2Fwp%2Fv2%2Fmedia&parent=1300"}],"wp:term":[{"taxonomy":"category","embeddable":true,"href":"https:\/\/c3t-utn.ar\/index.php?rest_route=%2Fwp%2Fv2%2Fcategories&post=1300"},{"taxonomy":"post_tag","embeddable":true,"href":"https:\/\/c3t-utn.ar\/index.php?rest_route=%2Fwp%2Fv2%2Ftags&post=1300"}],"curies":[{"name":"wp","href":"https:\/\/api.w.org\/{rel}","templated":true}]}}