{"id":1365,"date":"2025-01-10T17:19:19","date_gmt":"2025-01-10T17:19:19","guid":{"rendered":"https:\/\/c3t-utn.ar\/?p=1365"},"modified":"2025-02-12T18:50:00","modified_gmt":"2025-02-12T18:50:00","slug":"diplomatura-2025-en-transporte-movilidad-seguridad-vial-y-logistica-en-la-utn-2","status":"publish","type":"post","link":"https:\/\/c3t-utn.ar\/?p=1365","title":{"rendered":"Diplomatura 2025 en \u00abTransporte, Movilidad, Seguridad Vial y Log\u00edstica\u00bb en la UTN"},"content":{"rendered":"\n<p><strong>\u00a1INSCRIPCIONES ABIERTAS!<\/strong><\/p>\n\n\n\n<div class=\"wp-block-image\"><figure class=\"aligncenter size-large is-resized\"><a href=\"https:\/\/c3t-utn.ar\/wp-content\/uploads\/2025\/01\/difu-c3t_20250120_183726_0000.jpg\"><img loading=\"lazy\" src=\"https:\/\/c3t-utn.ar\/wp-content\/uploads\/2025\/01\/difu-c3t_20250120_183726_0000-724x1024.jpg\" alt=\"\" class=\"wp-image-1389\" width=\"422\" height=\"597\" srcset=\"https:\/\/c3t-utn.ar\/wp-content\/uploads\/2025\/01\/difu-c3t_20250120_183726_0000-724x1024.jpg 724w, https:\/\/c3t-utn.ar\/wp-content\/uploads\/2025\/01\/difu-c3t_20250120_183726_0000-212x300.jpg 212w, https:\/\/c3t-utn.ar\/wp-content\/uploads\/2025\/01\/difu-c3t_20250120_183726_0000-768x1086.jpg 768w, https:\/\/c3t-utn.ar\/wp-content\/uploads\/2025\/01\/difu-c3t_20250120_183726_0000-1086x1536.jpg 1086w, https:\/\/c3t-utn.ar\/wp-content\/uploads\/2025\/01\/difu-c3t_20250120_183726_0000-1448x2048.jpg 1448w, https:\/\/c3t-utn.ar\/wp-content\/uploads\/2025\/01\/difu-c3t_20250120_183726_0000-250x354.jpg 250w, https:\/\/c3t-utn.ar\/wp-content\/uploads\/2025\/01\/difu-c3t_20250120_183726_0000.jpg 1587w\" sizes=\"(max-width: 422px) 100vw, 422px\" \/><\/a><\/figure><\/div>\n\n\n\n<p>D<strong>iplomatura Universitaria &#8211; S\u00e9ptima cohorte<\/strong><\/p>\n\n\n\n<p><em>\u00a1Sumate a la Diplomatura 2025 en Transporte, Movilidad, Seguridad Vial y Log\u00edstica, organizada por el<\/em>&nbsp;<em>Centro Tecnol\u00f3gico de Transporte, Tr\u00e1nsito y Seguridad Vial de la Universidad Tecnol\u00f3gica Nacional&nbsp;<\/em>(<em>UTN)!<\/em><\/p>\n\n\n\n<p><strong>Objetivos:<\/strong><br>Esta diplomatura tiene como objetivo formar egresados capaces de desempe\u00f1arse en actividades de capacitaci\u00f3n, gesti\u00f3n, planificaci\u00f3n y operaci\u00f3n en \u00e1reas clave como transporte, log\u00edstica y seguridad vial. Se fomenta la aplicaci\u00f3n de conocimientos sobre tr\u00e1nsito, seguridad vial, sistemas inteligentes de transporte, infraestructura, veh\u00edculos, aspectos socioculturales y medioambientales del transporte.<\/p>\n\n\n\n<p><strong>Contenidos:<\/strong><\/p>\n\n\n\n<p>Transporte de Pasajeros<br>Transporte de Cargas<br>Infraestructura y Sistemas Inteligentes de Transporte<br>Movilidad, Seguridad Vial y Externalidades<br>Log\u00edstica<br>Trabajo Pr\u00e1ctico Integrador<\/p>\n\n\n\n<p><a rel=\"noreferrer noopener\" href=\"https:\/\/drive.google.com\/file\/d\/1IuIkss4E7f9kkZD6dO38oAQT3v-Xlqs_\/view?usp=drive_link\" target=\"_blank\">M\u00e1s informaci\u00f3n<\/a><\/p>\n\n\n\n<p><br><strong>Detalles del curso:<\/strong><\/p>\n\n\n\n<p>Duraci\u00f3n: Un a\u00f1o (abril \u2013 diciembre)<br>Carga horaria: 192 horas (incluye actividades sincr\u00f3nicas y asincr\u00f3nicas)<br>D\u00edas de dictado: S\u00e1bados cada 15 d\u00edas \u2013 de 14 a 17 hs.<\/p>\n\n\n\n<p><strong>Actividades:<\/strong><\/p>\n\n\n\n<p>Trabajos grupales e individuales<br>Trabajos de campo<br>Evaluaciones individuales y grupales<br>Exposiciones grupales<\/p>\n\n\n\n<p><strong>Material de apoyo:<\/strong><\/p>\n\n\n\n<p>Clases sincr\u00f3nicas y asincr\u00f3nicas<br>Materiales de estudio: videos, presentaciones y material de lectura<br>Trabajos de investigaci\u00f3n en diversos formatos<\/p>\n\n\n\n<p><br><strong>Consulta e inscripciones:<\/strong><\/p>\n\n\n\n<p>Complet\u00e1 el <a rel=\"noreferrer noopener\" href=\"https:\/\/forms.gle\/68kuYr7B4eXamVph9\" target=\"_blank\">Formulario de pre-inscripci\u00f3n<\/a> y nos pondremos en contacto a la brevedad.<\/p>\n\n\n\n<p>Para m\u00e1s informaci\u00f3n, cont\u00e1ctanos a trav\u00e9s de correo electr\u00f3nico:&nbsp;<strong>c3t@rec.utn.edu.ar<\/strong><\/p>\n\n\n\n<p>Formaci\u00f3n arancelada &#8211; Consultar por precios corporativos<\/p>\n\n\n\n<p><em>Aprovecha esta oportunidad para especializarte en un campo hoy en d\u00eda fundamental para toda actividad econ\u00f3mica, como lo es el transporte, la log\u00edstica y la movilidad. \u00a1Inscribite ahora!<\/em><\/p>\n","protected":false},"excerpt":{"rendered":"<p>\u00a1INSCRIPCIONES ABIERTAS! Diplomatura Universitaria &#8211; S\u00e9ptima cohorte \u00a1Sumate a la Diplomatura 2025 en Transporte, Movilidad, Seguridad Vial y Log\u00edstica, organizada por el&nbsp;Centro Tecnol\u00f3gico de Transporte, Tr\u00e1nsito y Seguridad Vial de la Universidad Tecnol\u00f3gica Nacional&nbsp;(UTN)! Objetivos:Esta diplomatura tiene como objetivo formar egresados capaces de desempe\u00f1arse en actividades de capacitaci\u00f3n, gesti\u00f3n, planificaci\u00f3n y operaci\u00f3n en \u00e1reas clave [&hellip;]<\/p>\n","protected":false},"author":2,"featured_media":0,"comment_status":"closed","ping_status":"closed","sticky":false,"template":"","format":"standard","meta":[],"categories":[111],"tags":[],"_links":{"self":[{"href":"https:\/\/c3t-utn.ar\/index.php?rest_route=\/wp\/v2\/posts\/1365"}],"collection":[{"href":"https:\/\/c3t-utn.ar\/index.php?rest_route=\/wp\/v2\/posts"}],"about":[{"href":"https:\/\/c3t-utn.ar\/index.php?rest_route=\/wp\/v2\/types\/post"}],"author":[{"embeddable":true,"href":"https:\/\/c3t-utn.ar\/index.php?rest_route=\/wp\/v2\/users\/2"}],"replies":[{"embeddable":true,"href":"https:\/\/c3t-utn.ar\/index.php?rest_route=%2Fwp%2Fv2%2Fcomments&post=1365"}],"version-history":[{"count":10,"href":"https:\/\/c3t-utn.ar\/index.php?rest_route=\/wp\/v2\/posts\/1365\/revisions"}],"predecessor-version":[{"id":1399,"href":"https:\/\/c3t-utn.ar\/index.php?rest_route=\/wp\/v2\/posts\/1365\/revisions\/1399"}],"wp:attachment":[{"href":"https:\/\/c3t-utn.ar\/index.php?rest_route=%2Fwp%2Fv2%2Fmedia&parent=1365"}],"wp:term":[{"taxonomy":"category","embeddable":true,"href":"https:\/\/c3t-utn.ar\/index.php?rest_route=%2Fwp%2Fv2%2Fcategories&post=1365"},{"taxonomy":"post_tag","embeddable":true,"href":"https:\/\/c3t-utn.ar\/index.php?rest_route=%2Fwp%2Fv2%2Ftags&post=1365"}],"curies":[{"name":"wp","href":"https:\/\/api.w.org\/{rel}","templated":true}]}}