{"id":1401,"date":"2025-05-20T15:37:58","date_gmt":"2025-05-20T15:37:58","guid":{"rendered":"https:\/\/c3t-utn.ar\/?p=1401"},"modified":"2025-05-20T15:37:58","modified_gmt":"2025-05-20T15:37:58","slug":"el-c3t-presente-en-el-15-encuentro-cedol","status":"publish","type":"post","link":"https:\/\/c3t-utn.ar\/?p=1401","title":{"rendered":"El C3T presente en el 15\u00b0 Encuentro CEDOL"},"content":{"rendered":"\n<p>El martes 20 de mayo, el <strong>Centro Tecnol\u00f3gico de Transporte, Tr\u00e1nsito y Seguridad Vial (C3T)<\/strong> de la <strong>Universidad Tecnol\u00f3gica Nacional<\/strong> particip\u00f3 del <strong>15\u00b0 Encuentro CEDOL: Econom\u00eda y Productividad Log\u00edstica<\/strong>, un evento clave para el sector log\u00edstico en Argentina.<\/p>\n\n\n\n<div class=\"wp-block-image\"><figure class=\"aligncenter size-large is-resized\"><a href=\"https:\/\/c3t-utn.ar\/wp-content\/uploads\/2025\/05\/WhatsApp-Image-2025-05-20-at-11.41.46.jpeg\"><img loading=\"lazy\" src=\"https:\/\/c3t-utn.ar\/wp-content\/uploads\/2025\/05\/WhatsApp-Image-2025-05-20-at-11.41.46-576x1024.jpeg\" alt=\"\" class=\"wp-image-1402\" width=\"299\" height=\"531\" srcset=\"https:\/\/c3t-utn.ar\/wp-content\/uploads\/2025\/05\/WhatsApp-Image-2025-05-20-at-11.41.46-576x1024.jpeg 576w, https:\/\/c3t-utn.ar\/wp-content\/uploads\/2025\/05\/WhatsApp-Image-2025-05-20-at-11.41.46-169x300.jpeg 169w, https:\/\/c3t-utn.ar\/wp-content\/uploads\/2025\/05\/WhatsApp-Image-2025-05-20-at-11.41.46-768x1365.jpeg 768w, https:\/\/c3t-utn.ar\/wp-content\/uploads\/2025\/05\/WhatsApp-Image-2025-05-20-at-11.41.46-864x1536.jpeg 864w, https:\/\/c3t-utn.ar\/wp-content\/uploads\/2025\/05\/WhatsApp-Image-2025-05-20-at-11.41.46-250x444.jpeg 250w, https:\/\/c3t-utn.ar\/wp-content\/uploads\/2025\/05\/WhatsApp-Image-2025-05-20-at-11.41.46.jpeg 900w\" sizes=\"(max-width: 299px) 100vw, 299px\" \/><\/a><\/figure><\/div>\n\n\n\n<p>Durante la jornada, se compartieron miradas estrat\u00e9gicas sobre el contexto econ\u00f3mico actual y los desaf\u00edos de la productividad log\u00edstica, con la participaci\u00f3n de destacados referentes del sector.<\/p>\n\n\n\n<p>Algunos momentos destacados:<\/p>\n\n\n\n<ul><li>Apertura a cargo de Hern\u00e1n S\u00e1nchez (CEDOL, FAETyL y ALALOG)<\/li><li>Exposici\u00f3n de Claudio Zuchovicki sobre el panorama econ\u00f3mico y las perspectivas del sector log\u00edstico<\/li><li>Panel de especialistas en productividad<\/li><li>Reconocimientos y espacios de networking<\/li><\/ul>\n\n\n\n<p>Desde el C3T celebramos estos espacios de encuentro y reflexi\u00f3n que impulsan el desarrollo log\u00edstico del pa\u00eds. Agradecemos a <strong>CEDOL<\/strong> por la organizaci\u00f3n y por seguir promoviendo el intercambio entre actores clave del sector.<\/p>\n","protected":false},"excerpt":{"rendered":"<p>El martes 20 de mayo, el Centro Tecnol\u00f3gico de Transporte, Tr\u00e1nsito y Seguridad Vial (C3T) de la Universidad Tecnol\u00f3gica Nacional particip\u00f3 del 15\u00b0 Encuentro CEDOL: Econom\u00eda y Productividad Log\u00edstica, un evento clave para el sector log\u00edstico en Argentina. Durante la jornada, se compartieron miradas estrat\u00e9gicas sobre el contexto econ\u00f3mico actual y los desaf\u00edos de la [&hellip;]<\/p>\n","protected":false},"author":2,"featured_media":0,"comment_status":"closed","ping_status":"closed","sticky":false,"template":"","format":"standard","meta":[],"categories":[1],"tags":[],"_links":{"self":[{"href":"https:\/\/c3t-utn.ar\/index.php?rest_route=\/wp\/v2\/posts\/1401"}],"collection":[{"href":"https:\/\/c3t-utn.ar\/index.php?rest_route=\/wp\/v2\/posts"}],"about":[{"href":"https:\/\/c3t-utn.ar\/index.php?rest_route=\/wp\/v2\/types\/post"}],"author":[{"embeddable":true,"href":"https:\/\/c3t-utn.ar\/index.php?rest_route=\/wp\/v2\/users\/2"}],"replies":[{"embeddable":true,"href":"https:\/\/c3t-utn.ar\/index.php?rest_route=%2Fwp%2Fv2%2Fcomments&post=1401"}],"version-history":[{"count":1,"href":"https:\/\/c3t-utn.ar\/index.php?rest_route=\/wp\/v2\/posts\/1401\/revisions"}],"predecessor-version":[{"id":1403,"href":"https:\/\/c3t-utn.ar\/index.php?rest_route=\/wp\/v2\/posts\/1401\/revisions\/1403"}],"wp:attachment":[{"href":"https:\/\/c3t-utn.ar\/index.php?rest_route=%2Fwp%2Fv2%2Fmedia&parent=1401"}],"wp:term":[{"taxonomy":"category","embeddable":true,"href":"https:\/\/c3t-utn.ar\/index.php?rest_route=%2Fwp%2Fv2%2Fcategories&post=1401"},{"taxonomy":"post_tag","embeddable":true,"href":"https:\/\/c3t-utn.ar\/index.php?rest_route=%2Fwp%2Fv2%2Ftags&post=1401"}],"curies":[{"name":"wp","href":"https:\/\/api.w.org\/{rel}","templated":true}]}}