{"id":1440,"date":"2025-12-31T01:11:11","date_gmt":"2025-12-31T01:11:11","guid":{"rendered":"https:\/\/c3t-utn.ar\/?p=1440"},"modified":"2026-02-27T19:01:36","modified_gmt":"2026-02-27T19:01:36","slug":"diplomatura-en-transporte-movilidad-seguridad-vial-y-logistica-en-la-utn","status":"publish","type":"post","link":"https:\/\/c3t-utn.ar\/?p=1440","title":{"rendered":"Diplomatura en \u00abTransporte, Movilidad, Seguridad Vial y Log\u00edstica\u00bb en la UTN"},"content":{"rendered":"\n<p style=\"font-size:16px\"><strong>Octava cohorte \u2013 Edici\u00f3n 2026<\/strong><\/p>\n\n\n\n<div style=\"height:10px\" aria-hidden=\"true\" class=\"wp-block-spacer\"><\/div>\n\n\n\n<figure class=\"wp-block-image size-full\"><a href=\"https:\/\/c3t-utn.ar\/wp-content\/uploads\/2025\/12\/Diseno-sin-titulo-2.png\"><img loading=\"lazy\" width=\"839\" height=\"328\" src=\"https:\/\/c3t-utn.ar\/wp-content\/uploads\/2025\/12\/Diseno-sin-titulo-2.png\" alt=\"\" class=\"wp-image-1459\" srcset=\"https:\/\/c3t-utn.ar\/wp-content\/uploads\/2025\/12\/Diseno-sin-titulo-2.png 839w, https:\/\/c3t-utn.ar\/wp-content\/uploads\/2025\/12\/Diseno-sin-titulo-2-300x117.png 300w, https:\/\/c3t-utn.ar\/wp-content\/uploads\/2025\/12\/Diseno-sin-titulo-2-768x300.png 768w, https:\/\/c3t-utn.ar\/wp-content\/uploads\/2025\/12\/Diseno-sin-titulo-2-250x98.png 250w\" sizes=\"(max-width: 839px) 100vw, 839px\" \/><\/a><\/figure>\n\n\n\n<div style=\"height:5px\" aria-hidden=\"true\" class=\"wp-block-spacer\"><\/div>\n\n\n\n<p>Te invitamos a formar parte de la <strong>Diplomatura 2026 en Transporte, Movilidad, Seguridad Vial y Log\u00edstica<\/strong>, una propuesta acad\u00e9mica del <strong>Centro Tecnol\u00f3gico de Transporte, Tr\u00e1nsito y Seguridad Vial <\/strong>de la<strong> Universidad Tecnol\u00f3gica Nacional (UTN)<\/strong>, orientada a brindar una formaci\u00f3n integral en el campo del transporte.<\/p>\n\n\n\n<div style=\"height:15px\" aria-hidden=\"true\" class=\"wp-block-spacer\"><\/div>\n\n\n\n<p><strong>Objetivos<\/strong><\/p>\n\n\n\n<p><\/p>\n\n\n\n<p>El programa est\u00e1 dise\u00f1ado para capacitar a los participantes en tareas de planificaci\u00f3n, gesti\u00f3n, operaci\u00f3n, control y monitoreo, brindando conocimientos te\u00f3ricos y herramientas pr\u00e1cticas, aplicables a los \u00e1mbitos del transporte, la log\u00edstica y la seguridad vial. A lo largo de la cursada se abordan enfoques t\u00e9cnicos, sociales, ambientales y tecnol\u00f3gicos vinculados a la movilidad y los diversos sistemas de transporte.<\/p>\n\n\n\n<p><\/p>\n\n\n\n<div style=\"height:10px\" aria-hidden=\"true\" class=\"wp-block-spacer\"><\/div>\n\n\n\n<p><strong>Contenidos<\/strong><\/p>\n\n\n\n<ul><li>Transporte de pasajeros<\/li><li>Transporte de cargas<\/li><li>Infraestructura y sistemas inteligentes de transporte<\/li><li>Movilidad, seguridad vial y externalidades<\/li><li>Log\u00edstica<\/li><li>Trabajo Pr\u00e1ctico Integrador<\/li><\/ul>\n\n\n\n<p class=\"has-small-font-size\"><\/p>\n\n\n\n<p class=\"has-medium-font-size\"><a href=\"https:\/\/drive.google.com\/file\/d\/1XcL4YCkh4upgUijeCJGoJKUL_SnU6DMM\/view?usp=drive_link\" target=\"_blank\" rel=\"noreferrer noopener\">M\u00e1s informaci\u00f3n (Programa y Aranceles)<\/a><\/p>\n\n\n\n<p><strong>Modalidad y duraci\u00f3n<\/strong><\/p>\n\n\n\n<ul><li><strong>Duraci\u00f3n:<\/strong> abril a diciembre (1 a\u00f1o)<\/li><li><strong>Carga horaria total:<\/strong> 192 horas<\/li><li><strong>Modalidad:<\/strong> virtual<\/li><li><strong>Dictado:<\/strong> clases sincr\u00f3nicas y actividades asincr\u00f3nicas<\/li><li><strong>D\u00edas de cursada:<\/strong> s\u00e1bados cada 15 d\u00edas<\/li><li><strong>Horario:<\/strong> de 14 a 17 hs<\/li><\/ul>\n\n\n\n<p><\/p>\n\n\n\n<div style=\"height:10px\" aria-hidden=\"true\" class=\"wp-block-spacer\"><\/div>\n\n\n\n<p><strong>Metodolog\u00eda de trabajo<\/strong><\/p>\n\n\n\n<p>La diplomatura combina distintas estrategias de aprendizaje y evaluaciones, entre ellas:<\/p>\n\n\n\n<ul><li>Actividades individuales y grupales<\/li><li>Trabajos de campo y an\u00e1lisis territorial<\/li><li>Evaluaciones grupales e individuales<\/li><li>Exposiciones orales<\/li><\/ul>\n\n\n\n<p><\/p>\n\n\n\n<div style=\"height:10px\" aria-hidden=\"true\" class=\"wp-block-spacer\"><\/div>\n\n\n\n<p><strong>Material acad\u00e9mico<\/strong><\/p>\n\n\n\n<p>Los estudiantes contar\u00e1n con acceso a:<\/p>\n\n\n\n<ul><li>Clases grabadas y en vivo<\/li><li>Material bibliogr\u00e1fico y de lectura<\/li><li>Presentaciones, videos y recursos digitales<\/li><\/ul>\n\n\n\n<div style=\"height:5px\" aria-hidden=\"true\" class=\"wp-block-spacer\"><\/div>\n\n\n\n<hr class=\"wp-block-separator has-text-color has-background is-style-wide\" style=\"background-color:#0c5580;color:#0c5580\"\/>\n\n\n\n<div style=\"height:5px\" aria-hidden=\"true\" class=\"wp-block-spacer\"><\/div>\n\n\n\n<p><strong>Inscripci\u00f3n y consultas<\/strong><\/p>\n\n\n\n<p>Para iniciar el proceso de inscripci\u00f3n, complet\u00e1 el<a href=\"https:\/\/forms.gle\/x9HyUVXDcW422pcD7\" target=\"_blank\" rel=\"noreferrer noopener\"> <strong><em>Formulario de preinscripci\u00f3n<\/em><\/strong><\/a> y el equipo se comunicar\u00e1 a la brevedad.<\/p>\n\n\n\n<p><strong>Consultas:<\/strong> c3t@rec.utn.edu.ar<\/p>\n\n\n\n<p><strong>Whatsapp:<\/strong> 11 6730 9413<\/p>\n\n\n\n<div style=\"height:5px\" aria-hidden=\"true\" class=\"wp-block-spacer\"><\/div>\n\n\n\n<hr class=\"wp-block-separator has-text-color has-background is-style-wide\" style=\"background-color:#0c5580;color:#0c5580\"\/>\n\n\n\n<div style=\"height:10px\" aria-hidden=\"true\" class=\"wp-block-spacer\"><\/div>\n\n\n\n<p><strong>Formaci\u00f3n arancelada<\/strong><br>Consultar por valores y tarifas corporativas.<\/p>\n\n\n\n<div style=\"height:10px\" aria-hidden=\"true\" class=\"wp-block-spacer\"><\/div>\n\n\n\n<p>Sumate a una formaci\u00f3n especializada en un \u00e1rea estrat\u00e9gica para el desarrollo econ\u00f3mico y social. <strong>Capacitate en transporte, log\u00edstica y movilidad con el respaldo acad\u00e9mico de la UTN.<\/strong> <\/p>\n\n\n\n<div style=\"height:10px\" aria-hidden=\"true\" class=\"wp-block-spacer\"><\/div>\n\n\n\n<p><strong><em>Seguinos en nuestras redes<\/em><\/strong><\/p>\n\n\n\n<p><a href=\"https:\/\/www.instagram.com\/c3t.utn\/\" target=\"_blank\" rel=\"noreferrer noopener\">Instagram <\/a>| <a href=\"https:\/\/www.facebook.com\/profile.php?id=61556386444356\" target=\"_blank\" rel=\"noreferrer noopener\">Facebook<\/a><\/p>\n","protected":false},"excerpt":{"rendered":"<p>Octava cohorte \u2013 Edici\u00f3n 2026 Te invitamos a formar parte de la Diplomatura 2026 en Transporte, Movilidad, Seguridad Vial y Log\u00edstica, una propuesta acad\u00e9mica del Centro Tecnol\u00f3gico de Transporte, Tr\u00e1nsito y Seguridad Vial de la Universidad Tecnol\u00f3gica Nacional (UTN), orientada a brindar una formaci\u00f3n integral en el campo del transporte. Objetivos El programa est\u00e1 dise\u00f1ado [&hellip;]<\/p>\n","protected":false},"author":2,"featured_media":0,"comment_status":"closed","ping_status":"closed","sticky":false,"template":"","format":"standard","meta":[],"categories":[111,1],"tags":[],"_links":{"self":[{"href":"https:\/\/c3t-utn.ar\/index.php?rest_route=\/wp\/v2\/posts\/1440"}],"collection":[{"href":"https:\/\/c3t-utn.ar\/index.php?rest_route=\/wp\/v2\/posts"}],"about":[{"href":"https:\/\/c3t-utn.ar\/index.php?rest_route=\/wp\/v2\/types\/post"}],"author":[{"embeddable":true,"href":"https:\/\/c3t-utn.ar\/index.php?rest_route=\/wp\/v2\/users\/2"}],"replies":[{"embeddable":true,"href":"https:\/\/c3t-utn.ar\/index.php?rest_route=%2Fwp%2Fv2%2Fcomments&post=1440"}],"version-history":[{"count":33,"href":"https:\/\/c3t-utn.ar\/index.php?rest_route=\/wp\/v2\/posts\/1440\/revisions"}],"predecessor-version":[{"id":1482,"href":"https:\/\/c3t-utn.ar\/index.php?rest_route=\/wp\/v2\/posts\/1440\/revisions\/1482"}],"wp:attachment":[{"href":"https:\/\/c3t-utn.ar\/index.php?rest_route=%2Fwp%2Fv2%2Fmedia&parent=1440"}],"wp:term":[{"taxonomy":"category","embeddable":true,"href":"https:\/\/c3t-utn.ar\/index.php?rest_route=%2Fwp%2Fv2%2Fcategories&post=1440"},{"taxonomy":"post_tag","embeddable":true,"href":"https:\/\/c3t-utn.ar\/index.php?rest_route=%2Fwp%2Fv2%2Ftags&post=1440"}],"curies":[{"name":"wp","href":"https:\/\/api.w.org\/{rel}","templated":true}]}}