{"id":65,"date":"2010-05-27T15:52:38","date_gmt":"2010-05-27T15:52:38","guid":{"rendered":"http:\/\/c3t-utn.com.ar\/?p=65"},"modified":"2016-02-22T18:10:08","modified_gmt":"2016-02-22T18:10:08","slug":"1ra-jornada-tecnica-en-el-c3t-utn-tarifas-de-servicios-de-transporte-publico-de-pasajeros-de-larga-distancia-de-jurisdiccion-nacional-nuevo-esquema-de-calculo","status":"publish","type":"post","link":"https:\/\/c3t-utn.ar\/?p=65","title":{"rendered":"1ra. Jornada T\u00e9cnica del C3T-UTN: \u00abTarifas de Servicios de Transporte P\u00fablico de Pasajeros de larga distancia de jurisdicci\u00f3n nacional. Nuevo esquema de c\u00e1lculo.\u00bb"},"content":{"rendered":"<p style=\"text-align: justify;\"><span style=\"text-align: justify; line-height: 1.5em;\">El d\u00eda 27 de mayo de 2010, a las 18:00 horas, en Sarmiento 440, 6\u00b0 piso, el\u00a0<\/span><strong style=\"text-align: justify; line-height: 1.5em;\">Ing. Eduardo Parodi<\/strong><span style=\"text-align: justify; line-height: 1.5em;\">, miembro del C3T, realiz\u00f3 la conferencia \u00ab<\/span><strong style=\"text-align: justify; line-height: 1.5em;\">Tarifas de Servicios de Transporte P\u00fablico de Pasajeros de larga distancia de jurisdicci\u00f3n nacional. Nuevo esquema de c\u00e1lculo<\/strong><span style=\"text-align: justify; line-height: 1.5em;\">.\u00bb<\/span><\/p>\n<p style=\"text-align: justify;\">La Resoluci\u00f3n ST N\u00b0 275\/2009 implement\u00f3 un nuevo sistema de c\u00e1lculo de la base tarifaria para la determinaci\u00f3n de las tarifas de los servicios de autotransporte p\u00fablico de pasajeros de Jurisdicci\u00f3n Nacional.<\/p>\n<p style=\"text-align: justify;\">Este nuevo sistema contiene una importante modificaci\u00f3n en los criterios utilizados para la determinaci\u00f3n de los par\u00e1metros b\u00e1sicos de c\u00e1lculo tarifario. En tanto el sistema anterior fijaba una tarifa de referencia para el servicio \u201cCom\u00fan\u201d a partir de la cual se calculaban los valores para las dem\u00e1s categor\u00edas de servicio, en el nuevo esquema dicho par\u00e1metro de c\u00e1lculo se obtiene a trav\u00e9s de mediciones de tarifas efectivamente cobradas por los operadores en los corredores en los cuales se verifica la existencia de competencia entre varias empresas. Por otra parte, la nueva base tarifaria se calcula para la categor\u00eda de servicio m\u00e1s frecuente que, en la actualidad, resulta ser el servicio \u201cSemicama\u201d.<\/p>\n<p style=\"text-align: justify;\"><a href=\"http:\/\/c3t-utn.ar\/wp-content\/uploads\/2014\/09\/Presentacion-1ra-Jornada-Tecnica-1.ppt\">Para descargar la presentaci\u00f3n realizada durante la Jornada, presione aqu\u00ed<\/a><\/p>\n","protected":false},"excerpt":{"rendered":"<p>El d\u00eda 27 de mayo de 2010, a las 18:00 horas, en Sarmiento 440, 6\u00b0 piso, el\u00a0Ing. Eduardo Parodi, miembro del C3T, realiz\u00f3 la conferencia \u00abTarifas de Servicios de Transporte P\u00fablico de Pasajeros de larga distancia de jurisdicci\u00f3n nacional. Nuevo esquema de c\u00e1lculo.\u00bb La Resoluci\u00f3n ST N\u00b0 275\/2009 implement\u00f3 un nuevo sistema de c\u00e1lculo de [&hellip;]<\/p>\n","protected":false},"author":2,"featured_media":0,"comment_status":"open","ping_status":"open","sticky":false,"template":"","format":"standard","meta":[],"categories":[3],"tags":[7,8,5,6],"_links":{"self":[{"href":"https:\/\/c3t-utn.ar\/index.php?rest_route=\/wp\/v2\/posts\/65"}],"collection":[{"href":"https:\/\/c3t-utn.ar\/index.php?rest_route=\/wp\/v2\/posts"}],"about":[{"href":"https:\/\/c3t-utn.ar\/index.php?rest_route=\/wp\/v2\/types\/post"}],"author":[{"embeddable":true,"href":"https:\/\/c3t-utn.ar\/index.php?rest_route=\/wp\/v2\/users\/2"}],"replies":[{"embeddable":true,"href":"https:\/\/c3t-utn.ar\/index.php?rest_route=%2Fwp%2Fv2%2Fcomments&post=65"}],"version-history":[{"count":8,"href":"https:\/\/c3t-utn.ar\/index.php?rest_route=\/wp\/v2\/posts\/65\/revisions"}],"predecessor-version":[{"id":743,"href":"https:\/\/c3t-utn.ar\/index.php?rest_route=\/wp\/v2\/posts\/65\/revisions\/743"}],"wp:attachment":[{"href":"https:\/\/c3t-utn.ar\/index.php?rest_route=%2Fwp%2Fv2%2Fmedia&parent=65"}],"wp:term":[{"taxonomy":"category","embeddable":true,"href":"https:\/\/c3t-utn.ar\/index.php?rest_route=%2Fwp%2Fv2%2Fcategories&post=65"},{"taxonomy":"post_tag","embeddable":true,"href":"https:\/\/c3t-utn.ar\/index.php?rest_route=%2Fwp%2Fv2%2Ftags&post=65"}],"curies":[{"name":"wp","href":"https:\/\/api.w.org\/{rel}","templated":true}]}}