{"id":777,"date":"2016-03-29T18:18:28","date_gmt":"2016-03-29T18:18:28","guid":{"rendered":"http:\/\/c3t-utn.ar\/?p=777"},"modified":"2016-03-29T18:18:28","modified_gmt":"2016-03-29T18:18:28","slug":"maestria-en-planificacion-y-gestion-del-transporte-uba-programa-de-becas","status":"publish","type":"post","link":"https:\/\/c3t-utn.ar\/?p=777","title":{"rendered":"Maestr\u00eda en Planificaci\u00f3n y Gesti\u00f3n del Transporte UBA &#8211; Programa de Becas"},"content":{"rendered":"<p><strong>PROGRAMA DE BECAS\u00a0<\/strong><\/p>\n<p>PTUMA (BIRF 7794) &#8211; Ministerio de Transporte de la Naci\u00f3n<\/p>\n<p><strong>Maestr\u00eda en Planificaci\u00f3n y\u00a0<\/strong><strong>Gesti\u00f3n del Transporte<\/strong>\u00a0&#8211;\u00a0UBA ciclo 2016<\/p>\n<p>&nbsp;<\/p>\n<p>El Proyecto de Transporte Urbano para \u00c1reas Metropolitanas de Argentina (PTUMA) del Ministerio de Transporte de la Naci\u00f3n, financiar\u00e1 junto al Banco Mundial, un Programa de\u00a0Becas con el fin de fortalecer la capacidad t\u00e9cnica de aquellos profesionales del sector del Transporte, en organizaciones p\u00fablicas o privadas del pa\u00eds.<\/p>\n<p>Fecha l\u00edmite de inscripci\u00f3n en UBA:<strong>\u00a08 de Abril de 2016<\/strong><\/p>\n<p>Se adjunta Flyer con informaci\u00f3n adicional y de contacto.<\/p>\n<p><strong>Contacto:\u00a0<\/strong><a href=\"mailto:carmen.yoma@ptuma.gob.ar\">becas.maestr\u00eda@ptuma.gob.ar<\/a><\/p>\n<p>M\u00e1s informaci\u00f3n:\u00a0<a href=\"http:\/\/c3t-utn.ar\/wp-content\/uploads\/2016\/03\/Invitacion-Becas-Maestria-en-Transporte-PTUMA.pdf\">Invitacion Becas Maestria en Transporte PTUMA<\/a><\/p>\n<p>&nbsp;<\/p>\n","protected":false},"excerpt":{"rendered":"<p>PROGRAMA DE BECAS\u00a0 PTUMA (BIRF 7794) &#8211; Ministerio de Transporte de la Naci\u00f3n Maestr\u00eda en Planificaci\u00f3n y\u00a0Gesti\u00f3n del Transporte\u00a0&#8211;\u00a0UBA ciclo 2016 &nbsp; El Proyecto de Transporte Urbano para \u00c1reas Metropolitanas de Argentina (PTUMA) del Ministerio de Transporte de la Naci\u00f3n, financiar\u00e1 junto al Banco Mundial, un Programa de\u00a0Becas con el fin de fortalecer la capacidad [&hellip;]<\/p>\n","protected":false},"author":2,"featured_media":0,"comment_status":"open","ping_status":"open","sticky":false,"template":"","format":"standard","meta":[],"categories":[1],"tags":[],"_links":{"self":[{"href":"https:\/\/c3t-utn.ar\/index.php?rest_route=\/wp\/v2\/posts\/777"}],"collection":[{"href":"https:\/\/c3t-utn.ar\/index.php?rest_route=\/wp\/v2\/posts"}],"about":[{"href":"https:\/\/c3t-utn.ar\/index.php?rest_route=\/wp\/v2\/types\/post"}],"author":[{"embeddable":true,"href":"https:\/\/c3t-utn.ar\/index.php?rest_route=\/wp\/v2\/users\/2"}],"replies":[{"embeddable":true,"href":"https:\/\/c3t-utn.ar\/index.php?rest_route=%2Fwp%2Fv2%2Fcomments&post=777"}],"version-history":[{"count":1,"href":"https:\/\/c3t-utn.ar\/index.php?rest_route=\/wp\/v2\/posts\/777\/revisions"}],"predecessor-version":[{"id":779,"href":"https:\/\/c3t-utn.ar\/index.php?rest_route=\/wp\/v2\/posts\/777\/revisions\/779"}],"wp:attachment":[{"href":"https:\/\/c3t-utn.ar\/index.php?rest_route=%2Fwp%2Fv2%2Fmedia&parent=777"}],"wp:term":[{"taxonomy":"category","embeddable":true,"href":"https:\/\/c3t-utn.ar\/index.php?rest_route=%2Fwp%2Fv2%2Fcategories&post=777"},{"taxonomy":"post_tag","embeddable":true,"href":"https:\/\/c3t-utn.ar\/index.php?rest_route=%2Fwp%2Fv2%2Ftags&post=777"}],"curies":[{"name":"wp","href":"https:\/\/api.w.org\/{rel}","templated":true}]}}