{"id":864,"date":"2017-03-16T18:41:58","date_gmt":"2017-03-16T18:41:58","guid":{"rendered":"http:\/\/c3t-utn.ar\/?p=864"},"modified":"2017-03-16T18:41:58","modified_gmt":"2017-03-16T18:41:58","slug":"el-c3t-y-el-cems-asistieron-a-la-jornada-academica-de-seguridad-vial-de-la-spu-y-ansv","status":"publish","type":"post","link":"https:\/\/c3t-utn.ar\/?p=864","title":{"rendered":"El C3T y el CEMS asistieron a la Jornada Acad\u00e9mica de Seguridad Vial de la SPU y ANSV"},"content":{"rendered":"<p>El Centro Tecnol\u00f3gico de Transporte, Tr\u00e1nsito y Seguridad Vial (C3T) y el Centro de Estudios de Movilidad Sustentable (CEMS), ambos de la Facultad Regional Avellaneda de la UTN, participaron en la Jornada Acad\u00e9mica de Seguridad Vial, organizada por la Secretar\u00eda de Pol\u00edticas Universitarias (SPU) y la Agencia Nacional de Seguridad Vial (ANSV), a trav\u00e9s de la Red Acad\u00e9mica de Seguridad Vial.<\/p>\n<p>El evento interministerial (Ministerio de Transporte y Ministerio de Educaci\u00f3n y Deportes) se desarroll\u00f3 el d\u00eda 16\/03\/2017 en el Sal\u00f3n Leopoldo Marechal del Ministerio de Educaci\u00f3n y Deportes.<\/p>\n<p>El objetivo de la Jornada fue generar un espacio com\u00fan de encuentro, acercamiento y acci\u00f3n entre el sistema nacional de seguridad vial y el campo universitario. Durante el encuentro, varios expositores presentaron sus trabajos de investigaci\u00f3n y experiencias relacionadas a la tem\u00e1tica del evento. Por otro lado funcionarios de la ANSV y la SPU comentaron sobre las acciones que se est\u00e1n desarrollando en ambos espacios, reflexionando sobre la necesaria intervenci\u00f3n de las universidades en la problem\u00e1tica de la seguridad vial.<\/p>\n<p>Puede ver el programa de la jornada <a href=\"http:\/\/c3t-utn.ar\/wp-content\/uploads\/2017\/03\/Jornada-Acad\u00e9mica-de-Seguridad-Vial-Programa.pdf\">presionando aqu\u00ed<\/a>.<\/p>\n","protected":false},"excerpt":{"rendered":"<p>El Centro Tecnol\u00f3gico de Transporte, Tr\u00e1nsito y Seguridad Vial (C3T) y el Centro de Estudios de Movilidad Sustentable (CEMS), ambos de la Facultad Regional Avellaneda de la UTN, participaron en la Jornada Acad\u00e9mica de Seguridad Vial, organizada por la Secretar\u00eda de Pol\u00edticas Universitarias (SPU) y la Agencia Nacional de Seguridad Vial (ANSV), a trav\u00e9s de [&hellip;]<\/p>\n","protected":false},"author":2,"featured_media":0,"comment_status":"open","ping_status":"open","sticky":false,"template":"","format":"standard","meta":[],"categories":[1],"tags":[23,27],"_links":{"self":[{"href":"https:\/\/c3t-utn.ar\/index.php?rest_route=\/wp\/v2\/posts\/864"}],"collection":[{"href":"https:\/\/c3t-utn.ar\/index.php?rest_route=\/wp\/v2\/posts"}],"about":[{"href":"https:\/\/c3t-utn.ar\/index.php?rest_route=\/wp\/v2\/types\/post"}],"author":[{"embeddable":true,"href":"https:\/\/c3t-utn.ar\/index.php?rest_route=\/wp\/v2\/users\/2"}],"replies":[{"embeddable":true,"href":"https:\/\/c3t-utn.ar\/index.php?rest_route=%2Fwp%2Fv2%2Fcomments&post=864"}],"version-history":[{"count":1,"href":"https:\/\/c3t-utn.ar\/index.php?rest_route=\/wp\/v2\/posts\/864\/revisions"}],"predecessor-version":[{"id":866,"href":"https:\/\/c3t-utn.ar\/index.php?rest_route=\/wp\/v2\/posts\/864\/revisions\/866"}],"wp:attachment":[{"href":"https:\/\/c3t-utn.ar\/index.php?rest_route=%2Fwp%2Fv2%2Fmedia&parent=864"}],"wp:term":[{"taxonomy":"category","embeddable":true,"href":"https:\/\/c3t-utn.ar\/index.php?rest_route=%2Fwp%2Fv2%2Fcategories&post=864"},{"taxonomy":"post_tag","embeddable":true,"href":"https:\/\/c3t-utn.ar\/index.php?rest_route=%2Fwp%2Fv2%2Ftags&post=864"}],"curies":[{"name":"wp","href":"https:\/\/api.w.org\/{rel}","templated":true}]}}