{"id":914,"date":"2017-12-01T18:30:19","date_gmt":"2017-12-01T18:30:19","guid":{"rendered":"http:\/\/c3t-utn.ar\/?p=914"},"modified":"2017-12-04T14:13:41","modified_gmt":"2017-12-04T14:13:41","slug":"el-c3t-lamenta-el-fallecimiento-de-roberto-liatis","status":"publish","type":"post","link":"https:\/\/c3t-utn.ar\/?p=914","title":{"rendered":"El C3T lamenta el fallecimiento de Roberto Liatis"},"content":{"rendered":"<p>Quienes formamos parte del Centro Tecnol\u00f3gico de Transporte, Tr\u00e1nsito y Seguridad Vial lamentamos con profundo dolor la partida este viernes 01 de diciembre de Roberto Liatis.<\/p>\n<p>Tuvimos la suerte de compartir mucho con Roberto en los \u00faltimos a\u00f1os. Fuimos privilegiados por escucharlo hablar en las jornadas organizadas por nuestra Facultad o por compartir cuantiosas jornadas de trabajo que tuvieron como resultado la publicaci\u00f3n del libro \u00abHistoria de la Log\u00edstica\u00bb, publicado en el a\u00f1o 2015.<\/p>\n<p style=\"text-align: left;\">Roberto fue un pionero en el mundo de la log\u00edstica. Lo recordaremos por su humildad, su generosidad, su pedagog\u00eda y sus inagotables ganas de ense\u00f1ar y a su vez de aprender.\u00a0 Fue un verdadero maestro para\u00a0todos nosotros.<\/p>\n<p>Enviamos nuestras condolencias a la familia, y los\/as acompa\u00f1amos en este dif\u00edcil momento.<\/p>\n<div id=\"attachment_594\" style=\"width: 510px\" class=\"wp-caption aligncenter\"><a href=\"http:\/\/c3t-utn.ar\/wp-content\/uploads\/2015\/04\/0_22.jpg\"><img aria-describedby=\"caption-attachment-594\" loading=\"lazy\" class=\"wp-image-594\" src=\"http:\/\/c3t-utn.ar\/wp-content\/uploads\/2015\/04\/0_22-1024x682.jpg\" alt=\"\" width=\"500\" height=\"333\" \/><\/a><p id=\"caption-attachment-594\" class=\"wp-caption-text\">\u00a1Hasta siempre Maestro!<\/p><\/div>\n<p style=\"text-align: center;\">\n","protected":false},"excerpt":{"rendered":"<p>Quienes formamos parte del Centro Tecnol\u00f3gico de Transporte, Tr\u00e1nsito y Seguridad Vial lamentamos con profundo dolor la partida este viernes 01 de diciembre de Roberto Liatis. Tuvimos la suerte de compartir mucho con Roberto en los \u00faltimos a\u00f1os. Fuimos privilegiados por escucharlo hablar en las jornadas organizadas por nuestra Facultad o por compartir cuantiosas jornadas [&hellip;]<\/p>\n","protected":false},"author":2,"featured_media":0,"comment_status":"open","ping_status":"open","sticky":false,"template":"","format":"standard","meta":[],"categories":[1],"tags":[87],"_links":{"self":[{"href":"https:\/\/c3t-utn.ar\/index.php?rest_route=\/wp\/v2\/posts\/914"}],"collection":[{"href":"https:\/\/c3t-utn.ar\/index.php?rest_route=\/wp\/v2\/posts"}],"about":[{"href":"https:\/\/c3t-utn.ar\/index.php?rest_route=\/wp\/v2\/types\/post"}],"author":[{"embeddable":true,"href":"https:\/\/c3t-utn.ar\/index.php?rest_route=\/wp\/v2\/users\/2"}],"replies":[{"embeddable":true,"href":"https:\/\/c3t-utn.ar\/index.php?rest_route=%2Fwp%2Fv2%2Fcomments&post=914"}],"version-history":[{"count":2,"href":"https:\/\/c3t-utn.ar\/index.php?rest_route=\/wp\/v2\/posts\/914\/revisions"}],"predecessor-version":[{"id":916,"href":"https:\/\/c3t-utn.ar\/index.php?rest_route=\/wp\/v2\/posts\/914\/revisions\/916"}],"wp:attachment":[{"href":"https:\/\/c3t-utn.ar\/index.php?rest_route=%2Fwp%2Fv2%2Fmedia&parent=914"}],"wp:term":[{"taxonomy":"category","embeddable":true,"href":"https:\/\/c3t-utn.ar\/index.php?rest_route=%2Fwp%2Fv2%2Fcategories&post=914"},{"taxonomy":"post_tag","embeddable":true,"href":"https:\/\/c3t-utn.ar\/index.php?rest_route=%2Fwp%2Fv2%2Ftags&post=914"}],"curies":[{"name":"wp","href":"https:\/\/api.w.org\/{rel}","templated":true}]}}